{"id":247,"date":"2025-05-14T20:43:29","date_gmt":"2025-05-14T20:43:29","guid":{"rendered":"https:\/\/bibliotekank.me\/?p=247"},"modified":"2025-05-26T22:35:33","modified_gmt":"2025-05-26T22:35:33","slug":"sluzba-za-kulturno-obrazovnu-informativnui-izdavacku-djelatnost","status":"publish","type":"post","link":"https:\/\/bibliotekank.me\/?p=247","title":{"rendered":"Slu\u017eba za kulturno-obrazovnu, informativnu i izdava\u010dku djelatnost"},"content":{"rendered":"\r\n<div>Kuturno\u02d7obrazovna, informativna i izdava\u010dka slu\u017eba Biblioteke bazirana je na \u0161irenju kulturne, stru\u010dne, obrazovne i nau\u010dne misli i svoju djelatnost temelji na:<\/div>\r\n<ul>\r\n<li>pripremanju i izdavanju publikacija umjetni\u010dkog, stru\u010dnog i nau\u010dnog karaktera;<\/li>\r\n<li>promociji publikacija izdatih u Biblioteci;<\/li>\r\n<li>organizovanju knji\u017eevnih smotri;<\/li>\r\n<li>organizovanju autorskih i knji\u017eevnih ve\u010deri, stru\u010dnih predavanja, tribina;<\/li>\r\n<li>organizovanju tematskih i prigodnih izlo\u017ebi;<\/li>\r\n<li>organizovanju posebnih programa povodom obilje\u017eavanja zna\u010dajnih me\u0111unarodnih datuma;<\/li>\r\n<li>organizovanju programa povodom obilje\u017eavanja zna\u010dajnih godi\u0161njica, jubileja i oma\u017ea;<\/li>\r\n<li>organizovanju promocija filmova uz primarnu relaciju knji\u017eevnosti i filma;<\/li>\r\n<li>promovisanju \u00a0mladih i talentovanih autora \u010dije stvarala\u0161tvo ispunjava vrijednosne kriterijume;<\/li>\r\n<li>promovisanju literature sa fokusom na zavi\u010dajnu, istorijsku, kulturnu i nau\u010dnu pro\u0161lost;<\/li>\r\n<li>osmi\u0161ljavanju brojnih bibliote\u010dkih akcija;<\/li>\r\n<li>saradnji sa drugim kulturno \u02d7 obrazovnim institucijama, dr\u017eavnim organima i nevladinim sektorom;<\/li>\r\n<li>saradnji sa medijima,<\/li>\r\n<li>radu na projektima.<\/li>\r\n<\/ul>\r\n","protected":false},"excerpt":{"rendered":"<p>Kuturno\u02d7obrazovna, informativna i izdava\u010dka slu\u017eba Biblioteke bazirana je na \u0161irenju kulturne, stru\u010dne, obrazovne i nau\u010dne misli i svoju djelatnost temelji na: pripremanju i izdavanju publikacija umjetni\u010dkog, stru\u010dnog i nau\u010dnog karaktera; promociji publikacija izdatih u Biblioteci; organizovanju knji\u017eevnih smotri; organizovanju autorskih i knji\u017eevnih ve\u010deri, stru\u010dnih predavanja, tribina; organizovanju tematskih i prigodnih izlo\u017ebi; organizovanju posebnih programa povodom [&hellip;]<\/p>\n","protected":false},"author":1,"featured_media":132,"comment_status":"open","ping_status":"open","sticky":false,"template":"","format":"standard","meta":{"_et_pb_use_builder":"off","_et_pb_old_content":"","_et_gb_content_width":"","footnotes":""},"categories":[12],"tags":[],"class_list":["post-247","post","type-post","status-publish","format-standard","has-post-thumbnail","hentry","category-organizacija"],"_links":{"self":[{"href":"https:\/\/bibliotekank.me\/index.php?rest_route=\/wp\/v2\/posts\/247","targetHints":{"allow":["GET"]}}],"collection":[{"href":"https:\/\/bibliotekank.me\/index.php?rest_route=\/wp\/v2\/posts"}],"about":[{"href":"https:\/\/bibliotekank.me\/index.php?rest_route=\/wp\/v2\/types\/post"}],"author":[{"embeddable":true,"href":"https:\/\/bibliotekank.me\/index.php?rest_route=\/wp\/v2\/users\/1"}],"replies":[{"embeddable":true,"href":"https:\/\/bibliotekank.me\/index.php?rest_route=%2Fwp%2Fv2%2Fcomments&post=247"}],"version-history":[{"count":3,"href":"https:\/\/bibliotekank.me\/index.php?rest_route=\/wp\/v2\/posts\/247\/revisions"}],"predecessor-version":[{"id":314,"href":"https:\/\/bibliotekank.me\/index.php?rest_route=\/wp\/v2\/posts\/247\/revisions\/314"}],"wp:featuredmedia":[{"embeddable":true,"href":"https:\/\/bibliotekank.me\/index.php?rest_route=\/wp\/v2\/media\/132"}],"wp:attachment":[{"href":"https:\/\/bibliotekank.me\/index.php?rest_route=%2Fwp%2Fv2%2Fmedia&parent=247"}],"wp:term":[{"taxonomy":"category","embeddable":true,"href":"https:\/\/bibliotekank.me\/index.php?rest_route=%2Fwp%2Fv2%2Fcategories&post=247"},{"taxonomy":"post_tag","embeddable":true,"href":"https:\/\/bibliotekank.me\/index.php?rest_route=%2Fwp%2Fv2%2Ftags&post=247"}],"curies":[{"name":"wp","href":"https:\/\/api.w.org\/{rel}","templated":true}]}}