{"id":584,"date":"2025-05-28T18:53:14","date_gmt":"2025-05-28T18:53:14","guid":{"rendered":"https:\/\/bibliotekank.me\/?p=584"},"modified":"2025-05-28T19:04:49","modified_gmt":"2025-05-28T19:04:49","slug":"karneval-romana","status":"publish","type":"post","link":"https:\/\/bibliotekank.me\/?p=584","title":{"rendered":"Karneval romana"},"content":{"rendered":"<p>\u201eKarneval romana\u201d je knji\u017eevni festival koji se od 2022. godine odr\u017eava u Nik\u0161i\u0107u, u<br \/>\norganizaciji JU Narodna biblioteka \u201eNjego\u0161\u201d, uz podr\u0161ku Op\u0161tine Nik\u0161i\u0107 i Ministarstva kulture i<br \/>\nmedija Crne Gore. Festival je posve\u0107en konceptu karnevalizacije u umjetnosti i invertovanoj slici<br \/>\nsvijeta, koji su tipi\u010dni za grotesknu i fantasti\u010dnu knji\u017eevnost. Program festivala uklju\u010duje<br \/>\npromocije knjiga, predavanja, tribine i radionice, sa posebnim naglaskom na povezivanje<br \/>\nknji\u017eevnosti sa drugim umjetnostima, kao \u0161to su scenografija, likovna i scenska umjetnost.<br \/>\nKnji\u017eevna nagrada \u201eMiodrag Bulatovi\u0107\u201d, koja je ustanovljena 2022. godine, dodjeljuje se svake<br \/>\ndvije godine, kao dio \u201eKarnevala romana\u201d. Cilj ove nagrade je priznanje autorima koji se isti\u010du u<br \/>\nstvaranju karnevalizovane, groteskne i fantasti\u010dne knji\u017eevnosti, \u010dime se ukazuje \u010dast knji\u017eevnom<br \/>\nnaslje\u0111u Miodraga Bulatovi\u0107a, autora poznatog po svom subverzivnom izrazu i specifi\u010dnom<br \/>\nstilu.<br \/>\nPrvi dobitnik ove nagrade bio je pisac Jovica A\u0107in, koji je 2023. godine nagra\u0111en za najbolji<br \/>\nroman objavljen tokom 2021. i 2022. godine u ovoj knji\u017eevnoj kategoriji. Nagrada se sastoji od<br \/>\nplakete sa imenom autora i nazivom nagra\u0111enog djela, kao i statuete koju je izradio vajar Zlatko<br \/>\nGlamo\u010dak.<\/p>\n","protected":false},"excerpt":{"rendered":"<p>\u201eKarneval romana\u201d je knji\u017eevni festival koji se od 2022. godine odr\u017eava u Nik\u0161i\u0107u, u organizaciji JU Narodna biblioteka \u201eNjego\u0161\u201d, uz podr\u0161ku Op\u0161tine Nik\u0161i\u0107 i Ministarstva kulture i medija Crne Gore. Festival je posve\u0107en konceptu karnevalizacije u umjetnosti i invertovanoj slici svijeta, koji su tipi\u010dni za grotesknu i fantasti\u010dnu knji\u017eevnost. Program festivala uklju\u010duje promocije knjiga, predavanja, [&hellip;]<\/p>\n","protected":false},"author":1,"featured_media":592,"comment_status":"open","ping_status":"open","sticky":false,"template":"","format":"standard","meta":{"_et_pb_use_builder":"","_et_pb_old_content":"","_et_gb_content_width":"","footnotes":""},"categories":[10],"tags":[],"class_list":["post-584","post","type-post","status-publish","format-standard","has-post-thumbnail","hentry","category-projekti"],"_links":{"self":[{"href":"https:\/\/bibliotekank.me\/index.php?rest_route=\/wp\/v2\/posts\/584","targetHints":{"allow":["GET"]}}],"collection":[{"href":"https:\/\/bibliotekank.me\/index.php?rest_route=\/wp\/v2\/posts"}],"about":[{"href":"https:\/\/bibliotekank.me\/index.php?rest_route=\/wp\/v2\/types\/post"}],"author":[{"embeddable":true,"href":"https:\/\/bibliotekank.me\/index.php?rest_route=\/wp\/v2\/users\/1"}],"replies":[{"embeddable":true,"href":"https:\/\/bibliotekank.me\/index.php?rest_route=%2Fwp%2Fv2%2Fcomments&post=584"}],"version-history":[{"count":2,"href":"https:\/\/bibliotekank.me\/index.php?rest_route=\/wp\/v2\/posts\/584\/revisions"}],"predecessor-version":[{"id":598,"href":"https:\/\/bibliotekank.me\/index.php?rest_route=\/wp\/v2\/posts\/584\/revisions\/598"}],"wp:featuredmedia":[{"embeddable":true,"href":"https:\/\/bibliotekank.me\/index.php?rest_route=\/wp\/v2\/media\/592"}],"wp:attachment":[{"href":"https:\/\/bibliotekank.me\/index.php?rest_route=%2Fwp%2Fv2%2Fmedia&parent=584"}],"wp:term":[{"taxonomy":"category","embeddable":true,"href":"https:\/\/bibliotekank.me\/index.php?rest_route=%2Fwp%2Fv2%2Fcategories&post=584"},{"taxonomy":"post_tag","embeddable":true,"href":"https:\/\/bibliotekank.me\/index.php?rest_route=%2Fwp%2Fv2%2Ftags&post=584"}],"curies":[{"name":"wp","href":"https:\/\/api.w.org\/{rel}","templated":true}]}}