{"id":586,"date":"2025-05-28T18:53:32","date_gmt":"2025-05-28T18:53:32","guid":{"rendered":"https:\/\/bibliotekank.me\/?p=586"},"modified":"2025-05-28T19:07:38","modified_gmt":"2025-05-28T19:07:38","slug":"jesenji-sajam-knjiga-anderva-book","status":"publish","type":"post","link":"https:\/\/bibliotekank.me\/?p=586","title":{"rendered":"Jesenji sajam knjiga ,,Anderva book&#8221;"},"content":{"rendered":"<p>Jesenji sajam knjiga \u201eAnderva book\u201c<br \/>\nJesenji sajam knjiga \u201eAnderva book\u201d, koji je prvi put organizovan 2021. godine, zami\u0161ljen je kao<br \/>\nmjesto susreta izdava\u010da iz zemlje i regiona, kao i institucija koje se bave izdava\u010dkom<br \/>\ndjelatno\u0161\u0107u. Posjetiocima se pru\u017ea prilika da kroz raznovrstan prate\u0107i program upoznaju<br \/>\nistaknute autore, dobitnike knji\u017eevnih priznanja, univerzitetske profesore i knji\u017eevne stru\u010dnjake.<br \/>\nProgram sajma stavlja poseban naglasak na teme iz oblasti nauke, obrazovanja i umjetnosti. Kao<br \/>\nmanifestacija posve\u0107ena knjizi i knji\u017eevnosti, \u201eAnderva book\u201d te\u017ei promociji savremenog<br \/>\nstvarala\u0161tva, podsticanju obrazovanja, kulturnoj razmjeni izme\u0111u razli\u010ditih sredina i otvaranju<br \/>\nva\u017enih knji\u017eevnih i dru\u0161tvenih pitanja.<br \/>\nDo sada su odr\u017eana \u010detiri izdanja ove manifestacije, a jubilarno, peto izdanje najavljeno je za<br \/>\noktobar 2025. godine.<\/p>\n","protected":false},"excerpt":{"rendered":"<p>Jesenji sajam knjiga \u201eAnderva book\u201c Jesenji sajam knjiga \u201eAnderva book\u201d, koji je prvi put organizovan 2021. godine, zami\u0161ljen je kao mjesto susreta izdava\u010da iz zemlje i regiona, kao i institucija koje se bave izdava\u010dkom djelatno\u0161\u0107u. Posjetiocima se pru\u017ea prilika da kroz raznovrstan prate\u0107i program upoznaju istaknute autore, dobitnike knji\u017eevnih priznanja, univerzitetske profesore i knji\u017eevne stru\u010dnjake. [&hellip;]<\/p>\n","protected":false},"author":1,"featured_media":599,"comment_status":"open","ping_status":"open","sticky":false,"template":"","format":"standard","meta":{"_et_pb_use_builder":"","_et_pb_old_content":"","_et_gb_content_width":"","footnotes":""},"categories":[10],"tags":[],"class_list":["post-586","post","type-post","status-publish","format-standard","has-post-thumbnail","hentry","category-projekti"],"_links":{"self":[{"href":"https:\/\/bibliotekank.me\/index.php?rest_route=\/wp\/v2\/posts\/586","targetHints":{"allow":["GET"]}}],"collection":[{"href":"https:\/\/bibliotekank.me\/index.php?rest_route=\/wp\/v2\/posts"}],"about":[{"href":"https:\/\/bibliotekank.me\/index.php?rest_route=\/wp\/v2\/types\/post"}],"author":[{"embeddable":true,"href":"https:\/\/bibliotekank.me\/index.php?rest_route=\/wp\/v2\/users\/1"}],"replies":[{"embeddable":true,"href":"https:\/\/bibliotekank.me\/index.php?rest_route=%2Fwp%2Fv2%2Fcomments&post=586"}],"version-history":[{"count":2,"href":"https:\/\/bibliotekank.me\/index.php?rest_route=\/wp\/v2\/posts\/586\/revisions"}],"predecessor-version":[{"id":593,"href":"https:\/\/bibliotekank.me\/index.php?rest_route=\/wp\/v2\/posts\/586\/revisions\/593"}],"wp:featuredmedia":[{"embeddable":true,"href":"https:\/\/bibliotekank.me\/index.php?rest_route=\/wp\/v2\/media\/599"}],"wp:attachment":[{"href":"https:\/\/bibliotekank.me\/index.php?rest_route=%2Fwp%2Fv2%2Fmedia&parent=586"}],"wp:term":[{"taxonomy":"category","embeddable":true,"href":"https:\/\/bibliotekank.me\/index.php?rest_route=%2Fwp%2Fv2%2Fcategories&post=586"},{"taxonomy":"post_tag","embeddable":true,"href":"https:\/\/bibliotekank.me\/index.php?rest_route=%2Fwp%2Fv2%2Ftags&post=586"}],"curies":[{"name":"wp","href":"https:\/\/api.w.org\/{rel}","templated":true}]}}