{"id":616,"date":"2025-06-02T08:08:19","date_gmt":"2025-06-02T08:08:19","guid":{"rendered":"https:\/\/bibliotekank.me\/?p=616"},"modified":"2025-06-02T08:08:19","modified_gmt":"2025-06-02T08:08:19","slug":"svecano-otvaranje-iv-karnevala-romana","status":"publish","type":"post","link":"https:\/\/bibliotekank.me\/?p=616","title":{"rendered":"Sve\u010dano otvaranje IV Karnevala romana"},"content":{"rendered":"<div class=\"xdj266r x11i5rnm xat24cr x1mh8g0r x1vvkbs x126k92a\">\n<div dir=\"auto\">Sve\u010dano otvaranje \u010detvrtog izdanja knji\u017eevne manifestacije \u201eKarneval romana\u201c, koja kroz posve\u0107enost fenomenu karnevalizacije u knji\u017eevnosti odaje oma\u017e njenom predstavniku, piscu Miodragu Bulatovi\u0107u, uprili\u010deno je u organizaciji Javne ustanove Narodna biblioteka \u201eNjego\u0161\u201c.<\/div>\n<\/div>\n<div class=\"x11i5rnm xat24cr x1mh8g0r x1vvkbs xtlvy1s x126k92a\">\n<div dir=\"auto\">Prisutnima na sve\u010danosti obratili su se predsjednica Savjeta Biblioteke, prof. dr Tatjana \u0110uri\u0161i\u0107, direktor Biblioteke \u0110or\u0111ije \u0110ukanovi\u0107, direktor Turisti\u010dke organizacije Nik\u0161i\u0107 Mitar Bara\u0107, koordinator Kancelarije Nik\u0161i\u0107 EPK 2030 Nemanja Popovi\u0107, generalna direktorica za kulturno-umjetni\u010dko stvarala\u0161tvo i predsjednik Op\u0161tine Nik\u0161i\u0107, Marko Kova\u010devi\u0107, koji je manifestaciju proglasio otvorenom.<\/div>\n<\/div>\n<div class=\"x11i5rnm xat24cr x1mh8g0r x1vvkbs xtlvy1s x126k92a\">\n<div dir=\"auto\">Predsjednica Savjeta Biblioteke, prof. dr Tatjana \u0110uri\u0161i\u0107, istakla je da je \u201eKarneval romana\u201c doga\u0111aj od zna\u010daja kako za crnogorsku kulturu, tako i za grad Nik\u0161i\u0107, koji je nasljednik preispitiva\u010dke, ni\u010deanske knji\u017eevnosti, \u010dije je oli\u010denje u stvarala\u0161tvu Miodraga Bulatovi\u0107a doseglo najvi\u0161e estetske domete.<\/div>\n<\/div>\n<div class=\"x11i5rnm xat24cr x1mh8g0r x1vvkbs xtlvy1s x126k92a\">\n<div dir=\"auto\">,,Pokretanje nagrade ,,Miodrag Bulatovi\u0107\u2019\u2019, koja \u0107e drugi put ove godine biti dodijeljena, veliki je uspjeh i izuzetno sam ponosna \u0161to je Biblioteka ,,Njego\u0161\u2019\u2019, kao jaka i stabilna institucija, uspjela da izvede tu ozbiljnu misiju. Danas smo tu da slavimo veselu relativnost svega, to je sama su\u0161tina karnevala. On se ruga centrima mo\u0107i, on se ruga smrti, svemu onome \u0161to nas zastra\u0161uje. Zato je karnevalska energija tako mo\u0107na, to je energija obnavljanja. Ne postoji pisac koji je uhvatio tu energiju i izlio je u svoju naraciju, kao \u0161to je to u\u010dinio Miodrag Bulatovi\u0107. U njegovoj naraciji imate simbole koji su razoreni i razneseni karnevalskom energijom. Simbol je gen si\u017eea, ali i nosilac kulturnih gena, jer simbol prenosi ne samo u\u017ea simboli\u010dka zna\u010denja, ve\u0107 i \u010ditave narativne nukleuse kroz dijahronijski razvoj nekog dru\u0161tva. Upravo zbog toga funkcija simbola u naraciji Miodraga Bulatovi\u0107a govori koliko je on veliki pisac\u2019\u2019, rekla je prof. dr \u0110uri\u0161i\u0107.<\/div>\n<\/div>\n<div class=\"x11i5rnm xat24cr x1mh8g0r x1vvkbs xtlvy1s x126k92a\">\n<div dir=\"auto\">Direktor Javne ustanove Narodna Biblioteka ,,Njego\u0161\u2019\u2019 \u0110or\u0111ije \u0110ukanovi\u0107 \u010destitao je autoru Dejanu Ognjanovi\u0107u na dodijeljenoj nagradi i istakao da ovogodi\u0161nji slogan Karnevala ,,Otvoreni grad\u2019\u2019 simbolizuje ambiciju Nik\u0161i\u0107a da postane Evropska prestonica kulture 2030. godine. Naglasio je da manifestacija nije samo promocija knjige i knji\u017eevnosti, ve\u0107 i sna\u017ean alat za povezivanje ljudi kroz umjetnost i kulturu.<\/div>\n<\/div>\n<div class=\"x11i5rnm xat24cr x1mh8g0r x1vvkbs xtlvy1s x126k92a\">\n<div dir=\"auto\">,,Ovakvom izdanju Karnevala romana vodila je ideja da uka\u017eemo na potencijal Nik\u0161i\u0107a da kroz kulturu i umjetnost bude jednako relevantan povezuju\u0107i faktor na lokalnom, regionalnom i me\u0111unarodnom nivou. Ovogodi\u0161nje izdanje \u201eKarnevala romana\u201c inspirisao je slogan \u201eOtvoreni grad\u2019\u2019, pod kojim se odvija kandidatura Nik\u0161i\u0107a za Evropsku prestonicu kulture 2030. godine, pa je poseban akcenat stavljen na me\u0111usobno povezivanje i saradnju \u2013 kako izme\u0111u Nik\u0161i\u0107a i drugih gradova, tako i unutar same lokalne zajednice. Na ovaj na\u010din \u201eKarnevalom\u201c potvr\u0111ujemo da su umjetnost i kultura na\u010din izgradnje zajedni\u0161tva, prijateljstva i onog mosta koji nas spaja sa Evropom, svijetom i, \u0161to je najva\u017enije, jedne s drugima\u2019\u2019, rekao je \u0110ukanovi\u0107.<\/div>\n<div dir=\"auto\">Direktor Biblioteke je izrazio zahvalnost na podr\u0161ci u organizovanju ,,Karnevala romana\u2019\u2019 predsjedniku Op\u0161tine Nik\u0161i\u0107 Marku Kova\u010devi\u0107u, predstavnicima Ministarstva kulture i medija Crne Gore, direktoru Turisti\u010dke organizacije Nik\u0161i\u0107 Mitru Bara\u0107u, predstavnicima Kancelarije za Evropsku prestonicu kulture Nik\u0161i\u0107 2030 Matu Uljarevi\u0107u i Nemanji Popovi\u0107u, predstavnicima Javne ustanove ,,Zahumlje\u2019\u2019, kao i Radinku Krulanovi\u0107u, direktoru Nik\u0161i\u0107kog pozori\u0161ta, u kojem je otvorena filmska revija \u201eKarneval u kadru\u201c. Tako\u0111e, odao je priznanje Gradskoj muzici i ma\u017eoretkama i NVO \u201eMa\u0161kare\u201c iz Herceg Novog, kao i u\u010denicima nik\u0161i\u0107ke Gimnazije na odazivu za u\u010de\u0161\u0107e u karnevalskoj povorci koja je obilje\u017eila ovogodi\u0161nje izdanje.<\/div>\n<\/div>\n<div class=\"x11i5rnm xat24cr x1mh8g0r x1vvkbs xtlvy1s x126k92a\">\n<div dir=\"auto\">Koordinator Kancelarije Nik\u0161i\u0107 \u2013 Evropska prestonica kulture 2030. Nemanja Popovi\u0107, rekao je da je ,,Karneval romana\u2019\u2019 jedinstvena manifestacija, koja promovi\u0161e karnevalizovanu umjetnost izvan okvira knji\u017eevnosti, te da nadopunjuje knji\u017eevnost i film. On je naglasio kako u Evropi nema mnogo sli\u010dnih ili istih formata, \u0161to pokazuje potencijal koji Karneval ima, te da je cilj razvijanje manifestacije, kako bi do 2030. godine postao Evropski karneval romana, koji \u0107e privla\u010diti svjetsku pa\u017enju.<\/div>\n<\/div>\n<div class=\"x11i5rnm xat24cr x1mh8g0r x1vvkbs xtlvy1s x126k92a\">\n<div dir=\"auto\">Generalna direktorica za kulturno i umjetni\u010dko stvarala\u0161tvo u Ministarstvu kulture i medija Crne Gore, Jelena Jovanovi\u0107-Nikoli\u0107 istakla je da je \u010detvrti ,,Karneval romana\u2019\u2019 spojio knji\u017eevnost, grad, umjetnost, kulturu i zajednicu.<\/div>\n<\/div>\n<div class=\"x11i5rnm xat24cr x1mh8g0r x1vvkbs xtlvy1s x126k92a\">\n<div dir=\"auto\">,,U znaku slogana ,,Otvoreni grad\u2019\u2019 ovogodi\u0161nji program nagovje\u0161tava ono \u0161to kultura treba da bude u svakom gradu &#8211; prostor slobode, dijaloga, igre i preobra\u017eaja, prostor u kojem se razli\u010diti glasovi ne poni\u0161tavaju, ve\u0107 pa\u017eljivo slu\u0161aju, dopunjuju i dijalogiziraju. Upravo je karneval izraz umjetni\u010dke i dru\u0161tvene slobode, u kome se, kako je to pisao Bahtin, svijet preobra\u017eava, hijararhije preispituju, a fiksirani oblici postaju pokretni, privremeni. Ovogodi\u0161nje teme ,,Karnevala romana\u2019\u2019, od traume u karnevalizovanoj prozi, do poetike i groteske u filmovima \u017divka Nikoli\u0107a, izabrane su da osvijetle prostor u kojem se umjetnost i stvarnost dodiruju u najosjetljivijim ta\u010dkama\u2019\u2019, saop\u0161tila je Jovanovi\u0107-Nikoli\u0107. Tako\u0111e, istakla je da manifestacija uklju\u010duje autore i umjetnike iz vi\u0161e crnogorskih gradova, kao i goste iz regiona, \u010dime se stvara prostor za trajnu saradnju, kulturnu razmjenu i novu perspektivu gradske kulture.<\/div>\n<\/div>\n<div class=\"x11i5rnm xat24cr x1mh8g0r x1vvkbs xtlvy1s x126k92a\">\n<div dir=\"auto\">Predsjednik Op\u0161tine Nik\u0161i\u0107, Marko Kova\u010devi\u0107, zahvalio je rukovodstvu Javne ustanove Narodna biblioteka \u201eNjego\u0161\u201c na posve\u0107enosti i anga\u017eovanju u organizaciji ,,Karnevala romana\u2019\u2019. Posebno je istakao zna\u010daj Savjeta Biblioteke, koji je odigrao klju\u010dnu ulogu u razvoju i unapre\u0111enju same manifestacije. Kova\u010devi\u0107 je naglasio da je, u sklopu kandidature Nik\u0161i\u0107a za titulu Evropske prestonice kulture 2030, ova manifestacija prepoznata kao va\u017ean potencijal koji se mo\u017ee dodatno razviti i pretvoriti u jedinstven doga\u0111aj bez premca u drugim evropskim gradovima. Time \u0107e, kako je rekao, grad Nik\u0161i\u0107 pove\u0107ati \u0161ansu da osvoji ovu presti\u017enu titulu.<\/div>\n<div dir=\"auto\">Mitar Bara\u0107, direktor Turisti\u010dke organizacije Nik\u0161i\u0107, u svom obra\u0107anju naglasio je ,,da je ovo pravi momenat da se svi ujedine oko va\u017enog pitanja, jer je ispred nas ne\u0161to \u0161to je od velikog zna\u010daja \u2013 kandidatura za Evropsku prestonicu kulture. Izrazio je nadu u uspjeh i uspje\u0161nu manifestaciju, koja je upravo po\u010dela. Bara\u0107 je iskorio priliku i pozvao ,,sve na\u0161e sugra\u0111ane i sve ljude \u0161irom Crne Gore da posjete Nik\u0161i\u0107 naredna tri dana, jer kako ka\u017ee,, imamo jedan jako kvalitetan i raznovrstan program\u201c, naveo je Bara\u0107.<\/div>\n<div dir=\"auto\">Prof. dr Gojko Te\u0161i\u0107 je u obrazlo\u017eenju Odluke \u017eirija da knji\u017eevna nagrada ,,Miodrag Bulatovi\u0107\u2019\u2019 pripadne autoru Dejanu Ognjanovi\u0107u za roman ,,Zadu\u0161nice\u2019\u2019 istakao da je rije\u010d o vi\u0161eslojnom, modernom djelu koje donosi \u0161okantnu novinu u savremenoj knji\u017eevnosti.<\/div>\n<\/div>\n<div class=\"x11i5rnm xat24cr x1mh8g0r x1vvkbs xtlvy1s x126k92a\">\n<div dir=\"auto\">,,Roman ,,Zadu\u0161nice\u2019\u2019 Dejana Ognjanovi\u0107a je u mnogo \u010demu \u0161okantna novina u na\u0161em relativno mirnom romanesknom moru, iako \u017eivimo u morbidnim, mra\u010dnim, crnim vremenima koja su, izvesno je, autoru bila velika inspiracija. Inovativnost je vidljiva i u formi, i u strukturi, i u zna\u010denju, i u simbolici (&#8230;). Roman je satkan od gra\u0111e iz prostora fantastike, uslovno re\u010deno vezanog za Isto\u010dnu Srbiju \u2013 a sve to je u nama i oko nas, \u201egogoljevski\u201c \u017eivo. Ognjanovi\u0107evi junaci su deo i pro\u0161losti, ali i junaci sada\u0161njosti, bez obzira \u0161to pripadaju svetu mrtvih. Njihovo \u201ebu\u0111enje\u201c, njihov \u201egovor\u201c i \u201edijalog\u201c su crnohumorne filmske storije koje nam odjekuju i gledamo ih svakodnevno. Filmska pri\u010da, fantasti\u010dna, hororska \u2013 to su klju\u010dne oznake blistave ognjanovi\u0107evske poetike koja se nadovezuje i na bulatovi\u0107evsku grotesku, fantastiku, satiru, alegoriju, naveo je prof. dr Te\u0161i\u0107 u saop\u0161tenju.<\/div>\n<\/div>\n<div class=\"x11i5rnm xat24cr x1mh8g0r x1vvkbs xtlvy1s x126k92a\">\n<div dir=\"auto\">U ime \u017eirija o djelu \u201eZadu\u0161nice\u201c govorio je profesor dr emeritus Boguslav Zielinski, ambasador svih knji\u017eevnosti i kultura s biv\u0161eg jugoslovenskog prostora, zaslu\u017ean za njihovu promociju u Poljskoj, naglasiv\u0161i da ,,roman preporu\u010den za nagradu ima slo\u017eenu i vi\u0161eslojnu strukturu stvorenu Bahtinovom karnevalizacijom svijeta naopa\u010dke, povezanom s kategorijom grotesknog, rableovskim naturalizmom s njegovom posebnom sklono\u0161\u0107u hiperboli, deformaciji i tjelesnosti, kao i demitologizacijom, fantazijom, simbolizmom i parodijom koji roman povezuju s tradicijom Bulatovi\u0107a. Posebnost djela je vizualizacija, koja se jasno o\u010dituje u motivu apokalipse&#8221;, istakao je Zielinski.<\/div>\n<div dir=\"auto\">Knji\u017eevna nagrada \u201eMiodrag Bulatovi\u0107\u201c, za najbolji roman u kategoriji karnevalske, groteskne i fantasti\u010dne knji\u017eevnosti objavljen u 2023. i 2024. godini, dodijeljena je autoru Dejanu Ognjanovi\u0107u, za roman \u201eZadu\u0161nice\u201c, odlukom me\u0111unarodnog \u017eirija u sastavu: prof. dr Gojko Te\u0161i\u0107, predsjednik \u017eirija, i prof. dr Boguslav Zjelinski, prof. dr Andrea Le\u0161i\u0107-Tomas, prof. dr Miranda Levanat-Peri\u010di\u0107 i doc. dr Tamara Labudovi\u0107, \u010dlanovi. Nagradu su Ognjanovi\u0107u uru\u010dili \u0107erka i sin Miodraga Bulatovi\u0107a, Barbara i Matija Bulatovi\u0107, a potom se nik\u0161i\u0107koj publici obratio Dejan Ognjanovi\u0107, istakav\u0161i da je vi\u0161estruko po\u010dastvovan da primi ovu nagradu: ,,Po\u010dastvovan sam<\/div>\n<div dir=\"auto\">pre svega zato \u0161to nosi ime na\u0161eg velikog pisca, sa kojim sam, eto, doveden u vezu. Naravno, nije na meni da uop\u0161te pomenem sebe u istoj re\u010denici sa njim, ali zahvaljujem onima koji su<\/div>\n<div dir=\"auto\">procenili da se to mo\u017ee u\u010diniti. Po\u010dastvovan sam i \u0161to dobijam ovu statuu koja nosi njegov lik, i zato \u0161to mi ovu nagradu uru\u010duje regionalni \u017eiri sastavljen od izuzetno eminentnih \u010dlanova. Svako<\/div>\n<div dir=\"auto\">od njih pojedina\u010dno je izuzetno kompetentan da donese ovaj sud koji je doneo, i naravno, drago<\/div>\n<div dir=\"auto\">mi je da ovu nagradu dobijam u bratskoj Crnoj Gori. Pozdravljam ovu manifestaciju i njen<\/div>\n<div dir=\"auto\">koncept \u2013 koncept ovog Karnevala romana i, uop\u0161te, ideju da se nagra\u0111uje ovakva vrsta romana. Ova nagrada je zaista jedinstvena i nema pandana, bar koliko je meni poznato. Ovo nije nagrada<\/div>\n<div dir=\"auto\">za \u017eanrovski roman, ovo nije nagrada za mejnstrim roman, ve\u0107 nagrada za jednu vrlo specifi\u010dnu<\/div>\n<div dir=\"auto\">vrstu romana koja je groteskna, satiri\u010dna, fantasti\u010dna, preterana, subverzivna, i to je dodatni<\/div>\n<div dir=\"auto\">razlog za\u0161to meni imponuje da budem jedan od njenih laureata. Ognjanovi\u0107 je naglasio da ,,Mi \u017eivimo u jednoj globalnoj karnevalizaciji, klovnovi su preuzeli mesta dr\u017eavnika. Njihove<\/div>\n<div dir=\"auto\">izjave i njihove slike su sada mimovi, dakle, ono \u0161to danas govore predsednici postaje predmet sprdnje i taj humor je gorak. Oni pri\u010daju sva\u0161ta i rade sva\u0161ta, ali kada se setite da je takav i<\/div>\n<div dir=\"auto\">predsednik najmo\u0107nije zemlje na planeti, a kamoli ovi drugi koji dr\u017ee na\u0161e sudbine u rukama &#8211; taj smeh na te njihove urnebesne izjave i pona\u0161anje je gorak, kao \u0161to je gorak i crn humor u mom romanu, i zastra\u0161uju\u0107i. To je taj spoj horora i humora koji moj roman \u010dini itekako anga\u017eovanim, i ja sam zahvalan \u017eiriju \u0161to je to prepoznao, zaklju\u010dio je Ognjanovi\u0107.<\/div>\n<div dir=\"auto\">Sve\u010danu ceremoniju IV Karnevala romana vodila je Nina Markovi\u0107.<\/div>\n<div dir=\"auto\">Foto: Milo\u0161 Zvicer<\/p>\n<p><img loading=\"lazy\" decoding=\"async\" class=\"alignnone size-medium wp-image-632\" src=\"https:\/\/bibliotekank.me\/wp-content\/uploads\/2025\/06\/502522924_1879616069482706_1417499644657247544_n-300x200.jpg\" alt=\"\" width=\"300\" height=\"200\" \/> <img loading=\"lazy\" decoding=\"async\" class=\"alignnone size-medium wp-image-633\" src=\"https:\/\/bibliotekank.me\/wp-content\/uploads\/2025\/06\/501798643_1879616022816044_8153502868608700610_n-300x200.jpg\" alt=\"\" width=\"300\" height=\"200\" \/> <img loading=\"lazy\" decoding=\"async\" class=\"alignnone size-medium wp-image-631\" src=\"https:\/\/bibliotekank.me\/wp-content\/uploads\/2025\/06\/502393986_1879616132816033_7192622606262316359_n-300x200.jpg\" alt=\"\" width=\"300\" height=\"200\" \/> <img loading=\"lazy\" decoding=\"async\" class=\"alignnone size-medium wp-image-630\" src=\"https:\/\/bibliotekank.me\/wp-content\/uploads\/2025\/06\/503152940_1879616179482695_3182355586460124340_n-300x200.jpg\" alt=\"\" width=\"300\" height=\"200\" \/> <img loading=\"lazy\" decoding=\"async\" class=\"alignnone size-medium wp-image-629\" src=\"https:\/\/bibliotekank.me\/wp-content\/uploads\/2025\/06\/502525571_1879616219482691_5082520595373107253_n-300x200.jpg\" alt=\"\" width=\"300\" height=\"200\" \/> <img loading=\"lazy\" decoding=\"async\" class=\"alignnone size-medium wp-image-628\" src=\"https:\/\/bibliotekank.me\/wp-content\/uploads\/2025\/06\/501798756_1879616252816021_8094998897201380891_n-300x200.jpg\" alt=\"\" width=\"300\" height=\"200\" \/> <img loading=\"lazy\" decoding=\"async\" class=\"alignnone size-medium wp-image-623\" src=\"https:\/\/bibliotekank.me\/wp-content\/uploads\/2025\/06\/502736419_1879616466149333_8563468295334836492_n-300x200.jpg\" alt=\"\" width=\"300\" height=\"200\" \/> <img loading=\"lazy\" decoding=\"async\" class=\"alignnone size-medium wp-image-624\" src=\"https:\/\/bibliotekank.me\/wp-content\/uploads\/2025\/06\/502389225_1879616426149337_6195393424389107098_n-300x200.jpg\" alt=\"\" width=\"300\" height=\"200\" \/> <img loading=\"lazy\" decoding=\"async\" class=\"alignnone size-medium wp-image-625\" src=\"https:\/\/bibliotekank.me\/wp-content\/uploads\/2025\/06\/503282512_1879616386149341_1978730735762969442_n-300x200.jpg\" alt=\"\" width=\"300\" height=\"200\" \/> <img loading=\"lazy\" decoding=\"async\" class=\"alignnone size-medium wp-image-626\" src=\"https:\/\/bibliotekank.me\/wp-content\/uploads\/2025\/06\/502156655_1879616312816015_2004226457048248846_n-300x200.jpg\" alt=\"\" width=\"300\" height=\"200\" \/> <img loading=\"lazy\" decoding=\"async\" class=\"alignnone size-medium wp-image-627\" src=\"https:\/\/bibliotekank.me\/wp-content\/uploads\/2025\/06\/503335687_1879616282816018_7182845814950800394_n-300x200.jpg\" alt=\"\" width=\"300\" height=\"200\" \/> <img loading=\"lazy\" decoding=\"async\" class=\"alignnone size-medium wp-image-622\" src=\"https:\/\/bibliotekank.me\/wp-content\/uploads\/2025\/06\/503377966_1879616499482663_8349482970231292356_n-300x200.jpg\" alt=\"\" width=\"300\" height=\"200\" \/> <img loading=\"lazy\" decoding=\"async\" class=\"alignnone size-medium wp-image-618\" src=\"https:\/\/bibliotekank.me\/wp-content\/uploads\/2025\/06\/503131334_1879616762815970_29168011074067366_n-300x200.jpg\" alt=\"\" width=\"300\" height=\"200\" \/> <img loading=\"lazy\" decoding=\"async\" class=\"alignnone size-medium wp-image-617\" src=\"https:\/\/bibliotekank.me\/wp-content\/uploads\/2025\/06\/502287410_1879616906149289_5749918133040404523_n-300x200.jpg\" alt=\"\" width=\"300\" height=\"200\" \/> <img loading=\"lazy\" decoding=\"async\" class=\"alignnone size-medium wp-image-619\" src=\"https:\/\/bibliotekank.me\/wp-content\/uploads\/2025\/06\/501798187_1879616612815985_1163337356251864573_n-300x200.jpg\" alt=\"\" width=\"300\" height=\"200\" \/> <img loading=\"lazy\" decoding=\"async\" class=\"alignnone size-medium wp-image-620\" src=\"https:\/\/bibliotekank.me\/wp-content\/uploads\/2025\/06\/502581608_1879616576149322_21849373458823647_n-300x200.jpg\" alt=\"\" width=\"300\" height=\"200\" \/> <img loading=\"lazy\" decoding=\"async\" class=\"alignnone size-medium wp-image-621\" src=\"https:\/\/bibliotekank.me\/wp-content\/uploads\/2025\/06\/502150650_1879616532815993_8350250351751869355_n-300x200.jpg\" alt=\"\" width=\"300\" height=\"200\" \/><\/div>\n<\/div>\n","protected":false},"excerpt":{"rendered":"<p>Sve\u010dano otvaranje \u010detvrtog izdanja knji\u017eevne manifestacije \u201eKarneval romana\u201c, koja kroz posve\u0107enost fenomenu karnevalizacije u knji\u017eevnosti odaje oma\u017e njenom predstavniku, piscu Miodragu Bulatovi\u0107u, uprili\u010deno je u organizaciji Javne ustanove Narodna biblioteka \u201eNjego\u0161\u201c. Prisutnima na sve\u010danosti obratili su se predsjednica Savjeta Biblioteke, prof. dr Tatjana \u0110uri\u0161i\u0107, direktor Biblioteke \u0110or\u0111ije \u0110ukanovi\u0107, direktor Turisti\u010dke organizacije Nik\u0161i\u0107 Mitar Bara\u0107, koordinator [&hellip;]<\/p>\n","protected":false},"author":1,"featured_media":619,"comment_status":"open","ping_status":"open","sticky":false,"template":"","format":"standard","meta":{"_et_pb_use_builder":"","_et_pb_old_content":"","_et_gb_content_width":"","footnotes":""},"categories":[1],"tags":[],"class_list":["post-616","post","type-post","status-publish","format-standard","has-post-thumbnail","hentry","category-novosti"],"_links":{"self":[{"href":"https:\/\/bibliotekank.me\/index.php?rest_route=\/wp\/v2\/posts\/616","targetHints":{"allow":["GET"]}}],"collection":[{"href":"https:\/\/bibliotekank.me\/index.php?rest_route=\/wp\/v2\/posts"}],"about":[{"href":"https:\/\/bibliotekank.me\/index.php?rest_route=\/wp\/v2\/types\/post"}],"author":[{"embeddable":true,"href":"https:\/\/bibliotekank.me\/index.php?rest_route=\/wp\/v2\/users\/1"}],"replies":[{"embeddable":true,"href":"https:\/\/bibliotekank.me\/index.php?rest_route=%2Fwp%2Fv2%2Fcomments&post=616"}],"version-history":[{"count":1,"href":"https:\/\/bibliotekank.me\/index.php?rest_route=\/wp\/v2\/posts\/616\/revisions"}],"predecessor-version":[{"id":634,"href":"https:\/\/bibliotekank.me\/index.php?rest_route=\/wp\/v2\/posts\/616\/revisions\/634"}],"wp:featuredmedia":[{"embeddable":true,"href":"https:\/\/bibliotekank.me\/index.php?rest_route=\/wp\/v2\/media\/619"}],"wp:attachment":[{"href":"https:\/\/bibliotekank.me\/index.php?rest_route=%2Fwp%2Fv2%2Fmedia&parent=616"}],"wp:term":[{"taxonomy":"category","embeddable":true,"href":"https:\/\/bibliotekank.me\/index.php?rest_route=%2Fwp%2Fv2%2Fcategories&post=616"},{"taxonomy":"post_tag","embeddable":true,"href":"https:\/\/bibliotekank.me\/index.php?rest_route=%2Fwp%2Fv2%2Ftags&post=616"}],"curies":[{"name":"wp","href":"https:\/\/api.w.org\/{rel}","templated":true}]}}